{"id":5861,"date":"2020-05-12T18:14:04","date_gmt":"2020-05-12T16:14:04","guid":{"rendered":"https:\/\/www.doctorbarret.com\/fase-1-del-desconfinamiento-que-se-puede-hacer-y-como-debemos-protegernos\/"},"modified":"2024-01-17T12:59:20","modified_gmt":"2024-01-17T10:59:20","slug":"fase-1-del-desconfinamient-que-es-pot-fer-i-com-hem-de-protegir-nos","status":"publish","type":"post","link":"https:\/\/www.doctorbarret.com\/ca\/fase-1-del-desconfinamient-que-es-pot-fer-i-com-hem-de-protegir-nos\/","title":{"rendered":"Fase 1 del desconfinamient: qu\u00e8 es pot fer i com hem de protegir-nos?"},"content":{"rendered":"<p>A poc a poc les dades de la pand\u00e8mia van sent m\u00e9s positius. Per fi, mig pa\u00eds passa a la tan esperada <strong>Fase 1 de la desescalada<\/strong>. La resta el far\u00e0 en breu. Aix\u00f2 no significa que el virus hagi desaparegut i per a prevenir un rebrot hem de continuar prenent precaucions.<\/p>\n<h2 style=\"text-align: justify;\">Qu\u00e8 podem fer en la Fase 1 del desconfinamient?<\/h2>\n<p style=\"text-align: justify;\">A partir de l&#8217;11 de maig es repr\u00e8n gradualment l&#8217;activitat social i comercial. Aquestes s\u00f3n les principals novetats en els llocs on s&#8217;avan\u00e7a en el desconfinamient:<\/p>\n<ul>\n<li style=\"text-align: justify;\">Podem moure&#8217;ns entre municipis de la mateixa prov\u00edncia per a realitzar compres, practicar esport o reunir-nos amb altres persones.<\/li>\n<li style=\"text-align: justify;\">En les reunions de familiars i amics es permet un m\u00e0xim de 10 persones en domicilis particulars o terrasses.<\/li>\n<li style=\"text-align: justify;\">Est\u00e0 perm\u00e8s despla\u00e7ar-se a segones resid\u00e8ncies dins de la mateixa prov\u00edncia.<\/li>\n<li style=\"text-align: justify;\">Els horaris per a passejar sols o amb nens i fer esport es mantenen, per\u00f2 les comunitats aut\u00f2nomes tenen un marge de dues hores per a moure aquestes franges.<\/li>\n<li style=\"text-align: justify;\">Els horaris per a anar de compres, despla\u00e7ar-se a casa d&#8217;un amic o familiar o gaudir en una terrassa no estan limitats.<\/li>\n<li style=\"text-align: justify;\">Podem despla\u00e7ar-nos a comer\u00e7os o bars sense l\u00edmit de dist\u00e0ncia dins de la mateixa prov\u00edncia.<\/li>\n<li style=\"text-align: justify;\">Est\u00e0 perm\u00e8s assistir a llocs de culte i a vetlles amb les mesures d&#8217;aforament i distanciament establertes.<\/li>\n<li style=\"text-align: justify;\">Es pot practicar esport a l&#8217;aire lliure de manera individual o acompanyat per una persona amb la qual es convisqui.<\/li>\n<li style=\"text-align: justify;\">Es reobren les instal\u00b7lacions esportives, excepte piscines, on es pot practicar esport sense contacte f\u00edsic.<\/li>\n<li style=\"text-align: justify;\">Est\u00e0 perm\u00e8s allotjar-se en hotels dins de la mateixa prov\u00edncia.<\/li>\n<li style=\"text-align: justify;\">Podem anar a la biblioteca a agafar i retornar llibres, per\u00f2 no romandre en elles.<\/li>\n<li style=\"text-align: justify;\">Els museus, actes culturals i esdeveniments estan permesos amb restriccions d&#8217;aforament.<\/li>\n<\/ul>\n<p>La flexibilitzaci\u00f3 de les restriccions imposades fins ara no significa que puguem relaxar-nos quant a les mesures de protecci\u00f3 individual.<\/p>\n<h2 style=\"text-align: justify;\">Com hem de protegir-nos durant la Fase 1?<\/h2>\n<p style=\"text-align: justify;\">La prevenci\u00f3 continua sent essencial per a evitar contagiar-nos o propagar el virus. \u00c9s la nostra responsabilitat seguir les recomanacions de protecci\u00f3:<\/p>\n<ul>\n<li style=\"text-align: justify;\">No banyar-se a la platja ni en piscines ni en rius o pantans.<\/li>\n<li style=\"text-align: justify;\">Mantenir la dist\u00e0ncia en les reunions familiars o amb amics.<\/li>\n<li style=\"text-align: justify;\">Evitar petons, abra\u00e7ades i altres mostres d&#8217;afecte.<\/li>\n<li style=\"text-align: justify;\">Evitar el contacte f\u00edsic en les instal\u00b7lacions esportives.<\/li>\n<li style=\"text-align: justify;\">Mantenir la dist\u00e0ncia de seguretat en terrasses, esdeveniments, museus i altres instal\u00b7lacions.<\/li>\n<li style=\"text-align: justify;\">Utilitzar mascareta quan no sigui possible mantenir la dist\u00e0ncia de seguretat.<\/li>\n<li style=\"text-align: justify;\">No visitar a les persones en resid\u00e8ncies d&#8217;ancians o que estiguin en a\u00efllament per ser positius confirmats o sense confirmar.<\/li>\n<\/ul>\n<p>A m\u00e9s de l&#8217;anterior, la higiene de les mans continua sent essencial. <strong>Aigua i sab\u00f3 o gels hidroalcoh\u00f2lics<\/strong> s\u00f3n els nostres millors aliats per a prevenir contagis.<\/p>\n<p><strong>Davant qualsevol dubte, recorda que el m\u00e9s convenient \u00e9s consultar sempre fonts oficials, com el Ministeri de Sanitat, i contrastar sempre qualsevol informaci\u00f3 que arribi a trav\u00e9s de xarxes socials.<\/strong><\/p>\n","protected":false},"excerpt":{"rendered":"<p>A poc a poc les dades de la pand\u00e8mia van sent m\u00e9s positius. Per fi, mig pa\u00eds passa a la tan esperada Fase 1 de la desescalada. La resta el far\u00e0 en breu. Aix\u00f2 no significa que el virus hagi desaparegut i per a prevenir un rebrot hem de continuar prenent precaucions. Qu\u00e8 podem fer [&hellip;]<\/p>\n","protected":false},"author":1,"featured_media":5840,"comment_status":"open","ping_status":"closed","sticky":false,"template":"","format":"standard","meta":{"_joinchat":[],"footnotes":""},"categories":[],"tags":[],"class_list":["post-5861","post","type-post","status-publish","format-standard","has-post-thumbnail","hentry"],"yoast_head":"<!-- This site is optimized with the Yoast SEO plugin v27.3 - https:\/\/yoast.com\/product\/yoast-seo-wordpress\/ -->\n<title>Fase 1 del desconfinamient: qu\u00e8 es pot fer? | Dr.Barret<\/title>\n<meta name=\"description\" content=\"Despr\u00e9s del confinament m\u00e9s estricte \u00e9s moment de passar a la desescalada, per\u00f2 amb la fase 1 arriben dubtes i preguntes que intentem resoldre.\" \/>\n<meta name=\"robots\" content=\"index, follow, max-snippet:-1, max-image-preview:large, max-video-preview:-1\" \/>\n<link rel=\"canonical\" href=\"https:\/\/www.doctorbarret.com\/ca\/fase-1-del-desconfinamient-que-es-pot-fer-i-com-hem-de-protegir-nos\/\" \/>\n<meta property=\"og:locale\" content=\"ca_ES\" \/>\n<meta property=\"og:type\" content=\"article\" \/>\n<meta property=\"og:title\" content=\"Fase 1 del desconfinamient: qu\u00e8 es pot fer? | Dr.Barret\" \/>\n<meta property=\"og:description\" content=\"Despr\u00e9s del confinament m\u00e9s estricte \u00e9s moment de passar a la desescalada, per\u00f2 amb la fase 1 arriben dubtes i preguntes que intentem resoldre.\" \/>\n<meta property=\"og:url\" content=\"https:\/\/www.doctorbarret.com\/ca\/fase-1-del-desconfinamient-que-es-pot-fer-i-com-hem-de-protegir-nos\/\" \/>\n<meta property=\"og:site_name\" content=\"WordPress\" \/>\n<meta property=\"article:published_time\" content=\"2020-05-12T16:14:04+00:00\" \/>\n<meta property=\"article:modified_time\" content=\"2024-01-17T10:59:20+00:00\" \/>\n<meta property=\"og:image\" content=\"https:\/\/www.doctorbarret.com\/wp-content\/uploads\/2020\/05\/fase-1-desconfinamiento.jpg\" \/>\n\t<meta property=\"og:image:width\" content=\"1200\" \/>\n\t<meta property=\"og:image:height\" content=\"800\" \/>\n\t<meta property=\"og:image:type\" content=\"image\/jpeg\" \/>\n<meta name=\"author\" content=\"Joan-Pere Barret\" \/>\n<meta name=\"twitter:card\" content=\"summary_large_image\" \/>\n<meta name=\"twitter:label1\" content=\"Written by\" \/>\n\t<meta name=\"twitter:data1\" content=\"Joan-Pere Barret\" \/>\n\t<meta name=\"twitter:label2\" content=\"Est. reading time\" \/>\n\t<meta name=\"twitter:data2\" content=\"3 minutes\" \/>\n<script type=\"application\/ld+json\" class=\"yoast-schema-graph\">{\"@context\":\"https:\\\/\\\/schema.org\",\"@graph\":[{\"@type\":\"Article\",\"@id\":\"https:\\\/\\\/www.doctorbarret.com\\\/ca\\\/fase-1-del-desconfinamient-que-es-pot-fer-i-com-hem-de-protegir-nos\\\/#article\",\"isPartOf\":{\"@id\":\"https:\\\/\\\/www.doctorbarret.com\\\/ca\\\/fase-1-del-desconfinamient-que-es-pot-fer-i-com-hem-de-protegir-nos\\\/\"},\"author\":{\"name\":\"Joan-Pere Barret\",\"@id\":\"https:\\\/\\\/www.doctorbarret.com\\\/ca\\\/#\\\/schema\\\/person\\\/359f73b4f8d04468b6820f88b8e26cff\"},\"headline\":\"Fase 1 del desconfinamient: qu\u00e8 es pot fer i com hem de protegir-nos?\",\"datePublished\":\"2020-05-12T16:14:04+00:00\",\"dateModified\":\"2024-01-17T10:59:20+00:00\",\"mainEntityOfPage\":{\"@id\":\"https:\\\/\\\/www.doctorbarret.com\\\/ca\\\/fase-1-del-desconfinamient-que-es-pot-fer-i-com-hem-de-protegir-nos\\\/\"},\"wordCount\":534,\"commentCount\":0,\"publisher\":{\"@id\":\"https:\\\/\\\/www.doctorbarret.com\\\/ca\\\/#organization\"},\"image\":{\"@id\":\"https:\\\/\\\/www.doctorbarret.com\\\/ca\\\/fase-1-del-desconfinamient-que-es-pot-fer-i-com-hem-de-protegir-nos\\\/#primaryimage\"},\"thumbnailUrl\":\"https:\\\/\\\/www.doctorbarret.com\\\/wp-content\\\/uploads\\\/2020\\\/05\\\/fase-1-desconfinamiento.jpg\",\"inLanguage\":\"ca-ES\",\"potentialAction\":[{\"@type\":\"CommentAction\",\"name\":\"Comment\",\"target\":[\"https:\\\/\\\/www.doctorbarret.com\\\/ca\\\/fase-1-del-desconfinamient-que-es-pot-fer-i-com-hem-de-protegir-nos\\\/#respond\"]}]},{\"@type\":\"WebPage\",\"@id\":\"https:\\\/\\\/www.doctorbarret.com\\\/ca\\\/fase-1-del-desconfinamient-que-es-pot-fer-i-com-hem-de-protegir-nos\\\/\",\"url\":\"https:\\\/\\\/www.doctorbarret.com\\\/ca\\\/fase-1-del-desconfinamient-que-es-pot-fer-i-com-hem-de-protegir-nos\\\/\",\"name\":\"Fase 1 del desconfinamient: qu\u00e8 es pot fer? | Dr.Barret\",\"isPartOf\":{\"@id\":\"https:\\\/\\\/www.doctorbarret.com\\\/ca\\\/#website\"},\"primaryImageOfPage\":{\"@id\":\"https:\\\/\\\/www.doctorbarret.com\\\/ca\\\/fase-1-del-desconfinamient-que-es-pot-fer-i-com-hem-de-protegir-nos\\\/#primaryimage\"},\"image\":{\"@id\":\"https:\\\/\\\/www.doctorbarret.com\\\/ca\\\/fase-1-del-desconfinamient-que-es-pot-fer-i-com-hem-de-protegir-nos\\\/#primaryimage\"},\"thumbnailUrl\":\"https:\\\/\\\/www.doctorbarret.com\\\/wp-content\\\/uploads\\\/2020\\\/05\\\/fase-1-desconfinamiento.jpg\",\"datePublished\":\"2020-05-12T16:14:04+00:00\",\"dateModified\":\"2024-01-17T10:59:20+00:00\",\"description\":\"Despr\u00e9s del confinament m\u00e9s estricte \u00e9s moment de passar a la desescalada, per\u00f2 amb la fase 1 arriben dubtes i preguntes que intentem resoldre.\",\"breadcrumb\":{\"@id\":\"https:\\\/\\\/www.doctorbarret.com\\\/ca\\\/fase-1-del-desconfinamient-que-es-pot-fer-i-com-hem-de-protegir-nos\\\/#breadcrumb\"},\"inLanguage\":\"ca-ES\",\"potentialAction\":[{\"@type\":\"ReadAction\",\"target\":[\"https:\\\/\\\/www.doctorbarret.com\\\/ca\\\/fase-1-del-desconfinamient-que-es-pot-fer-i-com-hem-de-protegir-nos\\\/\"]}]},{\"@type\":\"ImageObject\",\"inLanguage\":\"ca-ES\",\"@id\":\"https:\\\/\\\/www.doctorbarret.com\\\/ca\\\/fase-1-del-desconfinamient-que-es-pot-fer-i-com-hem-de-protegir-nos\\\/#primaryimage\",\"url\":\"https:\\\/\\\/www.doctorbarret.com\\\/wp-content\\\/uploads\\\/2020\\\/05\\\/fase-1-desconfinamiento.jpg\",\"contentUrl\":\"https:\\\/\\\/www.doctorbarret.com\\\/wp-content\\\/uploads\\\/2020\\\/05\\\/fase-1-desconfinamiento.jpg\",\"width\":1200,\"height\":800,\"caption\":\"fase 1\"},{\"@type\":\"BreadcrumbList\",\"@id\":\"https:\\\/\\\/www.doctorbarret.com\\\/ca\\\/fase-1-del-desconfinamient-que-es-pot-fer-i-com-hem-de-protegir-nos\\\/#breadcrumb\",\"itemListElement\":[{\"@type\":\"ListItem\",\"position\":1,\"name\":\"Home\",\"item\":\"http:\\\/\\\/www.doctorbarret.com\\\/ca\\\/\"},{\"@type\":\"ListItem\",\"position\":2,\"name\":\"Fase 1 del desconfinamient: qu\u00e8 es pot fer i com hem de protegir-nos?\"}]},{\"@type\":\"WebSite\",\"@id\":\"https:\\\/\\\/www.doctorbarret.com\\\/ca\\\/#website\",\"url\":\"https:\\\/\\\/www.doctorbarret.com\\\/ca\\\/\",\"name\":\"WordPress\",\"description\":\"Just another WordPress site\",\"publisher\":{\"@id\":\"https:\\\/\\\/www.doctorbarret.com\\\/ca\\\/#organization\"},\"potentialAction\":[{\"@type\":\"SearchAction\",\"target\":{\"@type\":\"EntryPoint\",\"urlTemplate\":\"https:\\\/\\\/www.doctorbarret.com\\\/ca\\\/?s={search_term_string}\"},\"query-input\":{\"@type\":\"PropertyValueSpecification\",\"valueRequired\":true,\"valueName\":\"search_term_string\"}}],\"inLanguage\":\"ca-ES\"},{\"@type\":\"Organization\",\"@id\":\"https:\\\/\\\/www.doctorbarret.com\\\/ca\\\/#organization\",\"name\":\"Dr.Joan-Pere Barret\",\"url\":\"https:\\\/\\\/www.doctorbarret.com\\\/ca\\\/\",\"logo\":{\"@type\":\"ImageObject\",\"inLanguage\":\"ca-ES\",\"@id\":\"https:\\\/\\\/www.doctorbarret.com\\\/ca\\\/#\\\/schema\\\/logo\\\/image\\\/\",\"url\":\"https:\\\/\\\/www.doctorbarret.com\\\/wp-content\\\/uploads\\\/2017\\\/04\\\/Logo-Doctor-Barret-web-completo-castellano_AAFF.png\",\"contentUrl\":\"https:\\\/\\\/www.doctorbarret.com\\\/wp-content\\\/uploads\\\/2017\\\/04\\\/Logo-Doctor-Barret-web-completo-castellano_AAFF.png\",\"width\":2480,\"height\":3508,\"caption\":\"Dr.Joan-Pere Barret\"},\"image\":{\"@id\":\"https:\\\/\\\/www.doctorbarret.com\\\/ca\\\/#\\\/schema\\\/logo\\\/image\\\/\"}},{\"@type\":\"Person\",\"@id\":\"https:\\\/\\\/www.doctorbarret.com\\\/ca\\\/#\\\/schema\\\/person\\\/359f73b4f8d04468b6820f88b8e26cff\",\"name\":\"Joan-Pere Barret\"}]}<\/script>\n<!-- \/ Yoast SEO plugin. -->","yoast_head_json":{"title":"Fase 1 del desconfinamient: qu\u00e8 es pot fer? | Dr.Barret","description":"Despr\u00e9s del confinament m\u00e9s estricte \u00e9s moment de passar a la desescalada, per\u00f2 amb la fase 1 arriben dubtes i preguntes que intentem resoldre.","robots":{"index":"index","follow":"follow","max-snippet":"max-snippet:-1","max-image-preview":"max-image-preview:large","max-video-preview":"max-video-preview:-1"},"canonical":"https:\/\/www.doctorbarret.com\/ca\/fase-1-del-desconfinamient-que-es-pot-fer-i-com-hem-de-protegir-nos\/","og_locale":"ca_ES","og_type":"article","og_title":"Fase 1 del desconfinamient: qu\u00e8 es pot fer? | Dr.Barret","og_description":"Despr\u00e9s del confinament m\u00e9s estricte \u00e9s moment de passar a la desescalada, per\u00f2 amb la fase 1 arriben dubtes i preguntes que intentem resoldre.","og_url":"https:\/\/www.doctorbarret.com\/ca\/fase-1-del-desconfinamient-que-es-pot-fer-i-com-hem-de-protegir-nos\/","og_site_name":"WordPress","article_published_time":"2020-05-12T16:14:04+00:00","article_modified_time":"2024-01-17T10:59:20+00:00","og_image":[{"width":1200,"height":800,"url":"https:\/\/www.doctorbarret.com\/wp-content\/uploads\/2020\/05\/fase-1-desconfinamiento.jpg","type":"image\/jpeg"}],"author":"Joan-Pere Barret","twitter_card":"summary_large_image","twitter_misc":{"Written by":"Joan-Pere Barret","Est. reading time":"3 minutes"},"schema":{"@context":"https:\/\/schema.org","@graph":[{"@type":"Article","@id":"https:\/\/www.doctorbarret.com\/ca\/fase-1-del-desconfinamient-que-es-pot-fer-i-com-hem-de-protegir-nos\/#article","isPartOf":{"@id":"https:\/\/www.doctorbarret.com\/ca\/fase-1-del-desconfinamient-que-es-pot-fer-i-com-hem-de-protegir-nos\/"},"author":{"name":"Joan-Pere Barret","@id":"https:\/\/www.doctorbarret.com\/ca\/#\/schema\/person\/359f73b4f8d04468b6820f88b8e26cff"},"headline":"Fase 1 del desconfinamient: qu\u00e8 es pot fer i com hem de protegir-nos?","datePublished":"2020-05-12T16:14:04+00:00","dateModified":"2024-01-17T10:59:20+00:00","mainEntityOfPage":{"@id":"https:\/\/www.doctorbarret.com\/ca\/fase-1-del-desconfinamient-que-es-pot-fer-i-com-hem-de-protegir-nos\/"},"wordCount":534,"commentCount":0,"publisher":{"@id":"https:\/\/www.doctorbarret.com\/ca\/#organization"},"image":{"@id":"https:\/\/www.doctorbarret.com\/ca\/fase-1-del-desconfinamient-que-es-pot-fer-i-com-hem-de-protegir-nos\/#primaryimage"},"thumbnailUrl":"https:\/\/www.doctorbarret.com\/wp-content\/uploads\/2020\/05\/fase-1-desconfinamiento.jpg","inLanguage":"ca-ES","potentialAction":[{"@type":"CommentAction","name":"Comment","target":["https:\/\/www.doctorbarret.com\/ca\/fase-1-del-desconfinamient-que-es-pot-fer-i-com-hem-de-protegir-nos\/#respond"]}]},{"@type":"WebPage","@id":"https:\/\/www.doctorbarret.com\/ca\/fase-1-del-desconfinamient-que-es-pot-fer-i-com-hem-de-protegir-nos\/","url":"https:\/\/www.doctorbarret.com\/ca\/fase-1-del-desconfinamient-que-es-pot-fer-i-com-hem-de-protegir-nos\/","name":"Fase 1 del desconfinamient: qu\u00e8 es pot fer? | Dr.Barret","isPartOf":{"@id":"https:\/\/www.doctorbarret.com\/ca\/#website"},"primaryImageOfPage":{"@id":"https:\/\/www.doctorbarret.com\/ca\/fase-1-del-desconfinamient-que-es-pot-fer-i-com-hem-de-protegir-nos\/#primaryimage"},"image":{"@id":"https:\/\/www.doctorbarret.com\/ca\/fase-1-del-desconfinamient-que-es-pot-fer-i-com-hem-de-protegir-nos\/#primaryimage"},"thumbnailUrl":"https:\/\/www.doctorbarret.com\/wp-content\/uploads\/2020\/05\/fase-1-desconfinamiento.jpg","datePublished":"2020-05-12T16:14:04+00:00","dateModified":"2024-01-17T10:59:20+00:00","description":"Despr\u00e9s del confinament m\u00e9s estricte \u00e9s moment de passar a la desescalada, per\u00f2 amb la fase 1 arriben dubtes i preguntes que intentem resoldre.","breadcrumb":{"@id":"https:\/\/www.doctorbarret.com\/ca\/fase-1-del-desconfinamient-que-es-pot-fer-i-com-hem-de-protegir-nos\/#breadcrumb"},"inLanguage":"ca-ES","potentialAction":[{"@type":"ReadAction","target":["https:\/\/www.doctorbarret.com\/ca\/fase-1-del-desconfinamient-que-es-pot-fer-i-com-hem-de-protegir-nos\/"]}]},{"@type":"ImageObject","inLanguage":"ca-ES","@id":"https:\/\/www.doctorbarret.com\/ca\/fase-1-del-desconfinamient-que-es-pot-fer-i-com-hem-de-protegir-nos\/#primaryimage","url":"https:\/\/www.doctorbarret.com\/wp-content\/uploads\/2020\/05\/fase-1-desconfinamiento.jpg","contentUrl":"https:\/\/www.doctorbarret.com\/wp-content\/uploads\/2020\/05\/fase-1-desconfinamiento.jpg","width":1200,"height":800,"caption":"fase 1"},{"@type":"BreadcrumbList","@id":"https:\/\/www.doctorbarret.com\/ca\/fase-1-del-desconfinamient-que-es-pot-fer-i-com-hem-de-protegir-nos\/#breadcrumb","itemListElement":[{"@type":"ListItem","position":1,"name":"Home","item":"http:\/\/www.doctorbarret.com\/ca\/"},{"@type":"ListItem","position":2,"name":"Fase 1 del desconfinamient: qu\u00e8 es pot fer i com hem de protegir-nos?"}]},{"@type":"WebSite","@id":"https:\/\/www.doctorbarret.com\/ca\/#website","url":"https:\/\/www.doctorbarret.com\/ca\/","name":"WordPress","description":"Just another WordPress site","publisher":{"@id":"https:\/\/www.doctorbarret.com\/ca\/#organization"},"potentialAction":[{"@type":"SearchAction","target":{"@type":"EntryPoint","urlTemplate":"https:\/\/www.doctorbarret.com\/ca\/?s={search_term_string}"},"query-input":{"@type":"PropertyValueSpecification","valueRequired":true,"valueName":"search_term_string"}}],"inLanguage":"ca-ES"},{"@type":"Organization","@id":"https:\/\/www.doctorbarret.com\/ca\/#organization","name":"Dr.Joan-Pere Barret","url":"https:\/\/www.doctorbarret.com\/ca\/","logo":{"@type":"ImageObject","inLanguage":"ca-ES","@id":"https:\/\/www.doctorbarret.com\/ca\/#\/schema\/logo\/image\/","url":"https:\/\/www.doctorbarret.com\/wp-content\/uploads\/2017\/04\/Logo-Doctor-Barret-web-completo-castellano_AAFF.png","contentUrl":"https:\/\/www.doctorbarret.com\/wp-content\/uploads\/2017\/04\/Logo-Doctor-Barret-web-completo-castellano_AAFF.png","width":2480,"height":3508,"caption":"Dr.Joan-Pere Barret"},"image":{"@id":"https:\/\/www.doctorbarret.com\/ca\/#\/schema\/logo\/image\/"}},{"@type":"Person","@id":"https:\/\/www.doctorbarret.com\/ca\/#\/schema\/person\/359f73b4f8d04468b6820f88b8e26cff","name":"Joan-Pere Barret"}]}},"_links":{"self":[{"href":"https:\/\/www.doctorbarret.com\/ca\/wp-json\/wp\/v2\/posts\/5861","targetHints":{"allow":["GET"]}}],"collection":[{"href":"https:\/\/www.doctorbarret.com\/ca\/wp-json\/wp\/v2\/posts"}],"about":[{"href":"https:\/\/www.doctorbarret.com\/ca\/wp-json\/wp\/v2\/types\/post"}],"author":[{"embeddable":true,"href":"https:\/\/www.doctorbarret.com\/ca\/wp-json\/wp\/v2\/users\/1"}],"replies":[{"embeddable":true,"href":"https:\/\/www.doctorbarret.com\/ca\/wp-json\/wp\/v2\/comments?post=5861"}],"version-history":[{"count":1,"href":"https:\/\/www.doctorbarret.com\/ca\/wp-json\/wp\/v2\/posts\/5861\/revisions"}],"predecessor-version":[{"id":11037,"href":"https:\/\/www.doctorbarret.com\/ca\/wp-json\/wp\/v2\/posts\/5861\/revisions\/11037"}],"wp:featuredmedia":[{"embeddable":true,"href":"https:\/\/www.doctorbarret.com\/ca\/wp-json\/wp\/v2\/media\/5840"}],"wp:attachment":[{"href":"https:\/\/www.doctorbarret.com\/ca\/wp-json\/wp\/v2\/media?parent=5861"}],"wp:term":[{"taxonomy":"category","embeddable":true,"href":"https:\/\/www.doctorbarret.com\/ca\/wp-json\/wp\/v2\/categories?post=5861"},{"taxonomy":"post_tag","embeddable":true,"href":"https:\/\/www.doctorbarret.com\/ca\/wp-json\/wp\/v2\/tags?post=5861"}],"curies":[{"name":"wp","href":"https:\/\/api.w.org\/{rel}","templated":true}]}}