{"id":5867,"date":"2020-05-13T10:05:14","date_gmt":"2020-05-13T08:05:14","guid":{"rendered":"https:\/\/www.doctorbarret.com\/reforzamos-las-medidas-de-proteccion-en-nuestras-clinicas\/"},"modified":"2024-01-17T12:59:12","modified_gmt":"2024-01-17T10:59:12","slug":"reforcem-les-mesures-de-proteccio-a-les-nostres-cliniques","status":"publish","type":"post","link":"https:\/\/www.doctorbarret.com\/ca\/reforcem-les-mesures-de-proteccio-a-les-nostres-cliniques\/","title":{"rendered":"Reforcem les mesures de protecci\u00f3 a les nostres cl\u00edniques"},"content":{"rendered":"<p>La pand\u00e8mia provocada pel virus \u200e<strong>SARS-CoV-2<\/strong> ha provocat un <strong>canvi radical en la nostra manera de relacionar-nos i treballar<\/strong>. Les mesures de protecci\u00f3 personal per a evitar contagis s\u00f3n essencials.<\/p>\n<p>Com a professionals de la medicina, som conscients de la import\u00e0ncia d&#8217;oferir la m\u00e0xima seguretat als pacients des de la primera visita. Per a oferir un servei amb totes les garanties sanit\u00e0ries, hem implementat noves mesures de protecci\u00f3 a les nostres instal\u00b7lacions.<\/p>\n<h2>Mesures aplicades en secretaries i zones comunes<\/h2>\n<p>Hem instal\u00b7lat dues mampares de metacrilat en el taulell de recepci\u00f3.<\/p>\n<p>Les secret\u00e0ries disposen de guants, mascaretes, aerosols i tovalloletes desinfectants per a netejar bol\u00edgrafs, taulell, manilles de les portes i cadires de les sales d&#8217;espera.<\/p>\n<p>Les cadires estan separades un metre i mig per a evitar el contacte entre pacients.<\/p>\n<h2>Mesures per als pacients<\/h2>\n<p>Contactem pr\u00e8viament amb els nostres pacients per a comunicar-los que han de venir prove\u00efts de mascareta i guants.<\/p>\n<p>Els pacients han de venir sols. Podran acudir acompanyats per una persona com a m\u00e0xim els pacients menors o dependents.<\/p>\n<p>Els pacients han d&#8217;arribar amb dos o tres minuts d&#8217;antelaci\u00f3 a l&#8217;hora de la cita per a no saturar les sales d&#8217;espera.<\/p>\n<h2>Mesures per als professionals sanitaris<\/h2>\n<p>Els professionals disposen de sab\u00f3 de mans, tovalloletes desinfectants i aerosols per a netejar la taula entre visita i visita.<\/p>\n<p>Els professionals estan prove\u00efts de guants i mascareta. Com ja \u00e9s habitual en les consultes m\u00e8diques, aquest material \u00e9s d&#8217;un sol \u00fas i es rebutja despr\u00e9s de cada visita.<\/p>\n<p>Durant les exploracions facials, es retirar\u00e0 la mascareta al pacient el temps indispensable per a realitzar aquesta exploraci\u00f3.<\/p>\n<h2>Mesures per a realitzar les cirurgies<\/h2>\n<p>El pacient haur\u00e0 de sotmetre&#8217;s a un test PCR obligatori a la cl\u00ednica entre 48 i 72 hores abans de la cirurgia. Si el resultat \u00e9s negatiu (no hi ha contagi), el pacient es podr\u00e0 operar. En cas de ser positiu, no es podr\u00e0 realitzar l&#8217;operaci\u00f3.<\/p>\n<p>El <strong>pacient positiu en COVID-19<\/strong> haur\u00e0 de repetir-se la prova al cap d&#8217;uns dies. Fins que el PCR sigui negatiu no es podr\u00e0 operar.<\/p>\n<p>Podr\u00e0 haver-hi un m\u00e0xim d&#8217;un acompanyant a l&#8217;habitaci\u00f3. L&#8217;acompanyant haur\u00e0 de seguir les mesures de protecci\u00f3 que se li indiquin a la cl\u00ednica. Haur\u00e0 de portar guants i mascareta i evitar sortir de l&#8217;habitaci\u00f3. Si surt de l&#8217;habitaci\u00f3, haur\u00e0 de rentar-se b\u00e9 les mans en tornar a entrar.<\/p>\n<p>No es podran rebre visites d&#8217;amics o familiars durant l&#8217;hospitalitzaci\u00f3.<\/p>\n<p>\u00c9s a les nostres mans frenar la propagaci\u00f3 d&#8217;aquest virus. La cooperaci\u00f3 de pacients i personal sanitari \u00e9s essencial perqu\u00e8 puguem continuar oferint els nostres serveis amb total seguretat.<\/p>\n<p>Gr\u00e0cies per la vostra col\u00b7laboraci\u00f3.<\/p>\n","protected":false},"excerpt":{"rendered":"<p>La pand\u00e8mia provocada pel virus \u200eSARS-CoV-2 ha provocat un canvi radical en la nostra manera de relacionar-nos i treballar. Les mesures de protecci\u00f3 personal per a evitar contagis s\u00f3n essencials. Com a professionals de la medicina, som conscients de la import\u00e0ncia d&#8217;oferir la m\u00e0xima seguretat als pacients des de la primera visita. Per a oferir [&hellip;]<\/p>\n","protected":false},"author":1,"featured_media":5850,"comment_status":"open","ping_status":"closed","sticky":false,"template":"","format":"standard","meta":{"_joinchat":[],"footnotes":""},"categories":[],"tags":[],"class_list":["post-5867","post","type-post","status-publish","format-standard","has-post-thumbnail","hentry"],"yoast_head":"<!-- This site is optimized with the Yoast SEO plugin v27.4 - https:\/\/yoast.com\/product\/yoast-seo-wordpress\/ -->\n<title>Reforcem les mesures de protecci\u00f3 a les nostres cl\u00edniques - Dr. Barret<\/title>\n<meta name=\"description\" content=\"La pand\u00e8mia provocada pel virus \u200eSARS-CoV-2 ha provocat un canvi radical en la nostra manera de relacionar-nos i treballar.\" \/>\n<meta name=\"robots\" content=\"index, follow, max-snippet:-1, max-image-preview:large, max-video-preview:-1\" \/>\n<link rel=\"canonical\" href=\"https:\/\/www.doctorbarret.com\/ca\/reforcem-les-mesures-de-proteccio-a-les-nostres-cliniques\/\" \/>\n<meta property=\"og:locale\" content=\"ca_ES\" \/>\n<meta property=\"og:type\" content=\"article\" \/>\n<meta property=\"og:title\" content=\"Reforcem les mesures de protecci\u00f3 a les nostres cl\u00edniques - Dr. Barret\" \/>\n<meta property=\"og:description\" content=\"La pand\u00e8mia provocada pel virus \u200eSARS-CoV-2 ha provocat un canvi radical en la nostra manera de relacionar-nos i treballar.\" \/>\n<meta property=\"og:url\" content=\"https:\/\/www.doctorbarret.com\/ca\/reforcem-les-mesures-de-proteccio-a-les-nostres-cliniques\/\" \/>\n<meta property=\"og:site_name\" content=\"WordPress\" \/>\n<meta property=\"article:published_time\" content=\"2020-05-13T08:05:14+00:00\" \/>\n<meta property=\"article:modified_time\" content=\"2024-01-17T10:59:12+00:00\" \/>\n<meta property=\"og:image\" content=\"https:\/\/www.doctorbarret.com\/wp-content\/uploads\/2020\/05\/medidas-sanitarias-cirugia-covid.jpg\" \/>\n\t<meta property=\"og:image:width\" content=\"1200\" \/>\n\t<meta property=\"og:image:height\" content=\"800\" \/>\n\t<meta property=\"og:image:type\" content=\"image\/jpeg\" \/>\n<meta name=\"author\" content=\"Joan-Pere Barret\" \/>\n<meta name=\"twitter:card\" content=\"summary_large_image\" \/>\n<meta name=\"twitter:label1\" content=\"Written by\" \/>\n\t<meta name=\"twitter:data1\" content=\"Joan-Pere Barret\" \/>\n\t<meta name=\"twitter:label2\" content=\"Est. reading time\" \/>\n\t<meta name=\"twitter:data2\" content=\"2 minutes\" \/>\n<script type=\"application\/ld+json\" class=\"yoast-schema-graph\">{\"@context\":\"https:\\\/\\\/schema.org\",\"@graph\":[{\"@type\":\"Article\",\"@id\":\"https:\\\/\\\/www.doctorbarret.com\\\/ca\\\/reforcem-les-mesures-de-proteccio-a-les-nostres-cliniques\\\/#article\",\"isPartOf\":{\"@id\":\"https:\\\/\\\/www.doctorbarret.com\\\/ca\\\/reforcem-les-mesures-de-proteccio-a-les-nostres-cliniques\\\/\"},\"author\":{\"name\":\"Joan-Pere Barret\",\"@id\":\"https:\\\/\\\/www.doctorbarret.com\\\/ca\\\/#\\\/schema\\\/person\\\/359f73b4f8d04468b6820f88b8e26cff\"},\"headline\":\"Reforcem les mesures de protecci\u00f3 a les nostres cl\u00edniques\",\"datePublished\":\"2020-05-13T08:05:14+00:00\",\"dateModified\":\"2024-01-17T10:59:12+00:00\",\"mainEntityOfPage\":{\"@id\":\"https:\\\/\\\/www.doctorbarret.com\\\/ca\\\/reforcem-les-mesures-de-proteccio-a-les-nostres-cliniques\\\/\"},\"wordCount\":480,\"commentCount\":0,\"publisher\":{\"@id\":\"https:\\\/\\\/www.doctorbarret.com\\\/ca\\\/#organization\"},\"image\":{\"@id\":\"https:\\\/\\\/www.doctorbarret.com\\\/ca\\\/reforcem-les-mesures-de-proteccio-a-les-nostres-cliniques\\\/#primaryimage\"},\"thumbnailUrl\":\"https:\\\/\\\/www.doctorbarret.com\\\/wp-content\\\/uploads\\\/2020\\\/05\\\/medidas-sanitarias-cirugia-covid.jpg\",\"inLanguage\":\"ca-ES\",\"potentialAction\":[{\"@type\":\"CommentAction\",\"name\":\"Comment\",\"target\":[\"https:\\\/\\\/www.doctorbarret.com\\\/ca\\\/reforcem-les-mesures-de-proteccio-a-les-nostres-cliniques\\\/#respond\"]}]},{\"@type\":\"WebPage\",\"@id\":\"https:\\\/\\\/www.doctorbarret.com\\\/ca\\\/reforcem-les-mesures-de-proteccio-a-les-nostres-cliniques\\\/\",\"url\":\"https:\\\/\\\/www.doctorbarret.com\\\/ca\\\/reforcem-les-mesures-de-proteccio-a-les-nostres-cliniques\\\/\",\"name\":\"Reforcem les mesures de protecci\u00f3 a les nostres cl\u00edniques - Dr. Barret\",\"isPartOf\":{\"@id\":\"https:\\\/\\\/www.doctorbarret.com\\\/ca\\\/#website\"},\"primaryImageOfPage\":{\"@id\":\"https:\\\/\\\/www.doctorbarret.com\\\/ca\\\/reforcem-les-mesures-de-proteccio-a-les-nostres-cliniques\\\/#primaryimage\"},\"image\":{\"@id\":\"https:\\\/\\\/www.doctorbarret.com\\\/ca\\\/reforcem-les-mesures-de-proteccio-a-les-nostres-cliniques\\\/#primaryimage\"},\"thumbnailUrl\":\"https:\\\/\\\/www.doctorbarret.com\\\/wp-content\\\/uploads\\\/2020\\\/05\\\/medidas-sanitarias-cirugia-covid.jpg\",\"datePublished\":\"2020-05-13T08:05:14+00:00\",\"dateModified\":\"2024-01-17T10:59:12+00:00\",\"description\":\"La pand\u00e8mia provocada pel virus \u200eSARS-CoV-2 ha provocat un canvi radical en la nostra manera de relacionar-nos i treballar.\",\"breadcrumb\":{\"@id\":\"https:\\\/\\\/www.doctorbarret.com\\\/ca\\\/reforcem-les-mesures-de-proteccio-a-les-nostres-cliniques\\\/#breadcrumb\"},\"inLanguage\":\"ca-ES\",\"potentialAction\":[{\"@type\":\"ReadAction\",\"target\":[\"https:\\\/\\\/www.doctorbarret.com\\\/ca\\\/reforcem-les-mesures-de-proteccio-a-les-nostres-cliniques\\\/\"]}]},{\"@type\":\"ImageObject\",\"inLanguage\":\"ca-ES\",\"@id\":\"https:\\\/\\\/www.doctorbarret.com\\\/ca\\\/reforcem-les-mesures-de-proteccio-a-les-nostres-cliniques\\\/#primaryimage\",\"url\":\"https:\\\/\\\/www.doctorbarret.com\\\/wp-content\\\/uploads\\\/2020\\\/05\\\/medidas-sanitarias-cirugia-covid.jpg\",\"contentUrl\":\"https:\\\/\\\/www.doctorbarret.com\\\/wp-content\\\/uploads\\\/2020\\\/05\\\/medidas-sanitarias-cirugia-covid.jpg\",\"width\":1200,\"height\":800,\"caption\":\"medidas sanitarias COVID\"},{\"@type\":\"BreadcrumbList\",\"@id\":\"https:\\\/\\\/www.doctorbarret.com\\\/ca\\\/reforcem-les-mesures-de-proteccio-a-les-nostres-cliniques\\\/#breadcrumb\",\"itemListElement\":[{\"@type\":\"ListItem\",\"position\":1,\"name\":\"Home\",\"item\":\"http:\\\/\\\/www.doctorbarret.com\\\/ca\\\/\"},{\"@type\":\"ListItem\",\"position\":2,\"name\":\"Reforcem les mesures de protecci\u00f3 a les nostres cl\u00edniques\"}]},{\"@type\":\"WebSite\",\"@id\":\"https:\\\/\\\/www.doctorbarret.com\\\/ca\\\/#website\",\"url\":\"https:\\\/\\\/www.doctorbarret.com\\\/ca\\\/\",\"name\":\"WordPress\",\"description\":\"Just another WordPress site\",\"publisher\":{\"@id\":\"https:\\\/\\\/www.doctorbarret.com\\\/ca\\\/#organization\"},\"potentialAction\":[{\"@type\":\"SearchAction\",\"target\":{\"@type\":\"EntryPoint\",\"urlTemplate\":\"https:\\\/\\\/www.doctorbarret.com\\\/ca\\\/?s={search_term_string}\"},\"query-input\":{\"@type\":\"PropertyValueSpecification\",\"valueRequired\":true,\"valueName\":\"search_term_string\"}}],\"inLanguage\":\"ca-ES\"},{\"@type\":\"Organization\",\"@id\":\"https:\\\/\\\/www.doctorbarret.com\\\/ca\\\/#organization\",\"name\":\"Dr.Joan-Pere Barret\",\"url\":\"https:\\\/\\\/www.doctorbarret.com\\\/ca\\\/\",\"logo\":{\"@type\":\"ImageObject\",\"inLanguage\":\"ca-ES\",\"@id\":\"https:\\\/\\\/www.doctorbarret.com\\\/ca\\\/#\\\/schema\\\/logo\\\/image\\\/\",\"url\":\"https:\\\/\\\/www.doctorbarret.com\\\/wp-content\\\/uploads\\\/2017\\\/04\\\/Logo-Doctor-Barret-web-completo-castellano_AAFF.png\",\"contentUrl\":\"https:\\\/\\\/www.doctorbarret.com\\\/wp-content\\\/uploads\\\/2017\\\/04\\\/Logo-Doctor-Barret-web-completo-castellano_AAFF.png\",\"width\":2480,\"height\":3508,\"caption\":\"Dr.Joan-Pere Barret\"},\"image\":{\"@id\":\"https:\\\/\\\/www.doctorbarret.com\\\/ca\\\/#\\\/schema\\\/logo\\\/image\\\/\"}},{\"@type\":\"Person\",\"@id\":\"https:\\\/\\\/www.doctorbarret.com\\\/ca\\\/#\\\/schema\\\/person\\\/359f73b4f8d04468b6820f88b8e26cff\",\"name\":\"Joan-Pere Barret\"}]}<\/script>\n<!-- \/ Yoast SEO plugin. -->","yoast_head_json":{"title":"Reforcem les mesures de protecci\u00f3 a les nostres cl\u00edniques - Dr. Barret","description":"La pand\u00e8mia provocada pel virus \u200eSARS-CoV-2 ha provocat un canvi radical en la nostra manera de relacionar-nos i treballar.","robots":{"index":"index","follow":"follow","max-snippet":"max-snippet:-1","max-image-preview":"max-image-preview:large","max-video-preview":"max-video-preview:-1"},"canonical":"https:\/\/www.doctorbarret.com\/ca\/reforcem-les-mesures-de-proteccio-a-les-nostres-cliniques\/","og_locale":"ca_ES","og_type":"article","og_title":"Reforcem les mesures de protecci\u00f3 a les nostres cl\u00edniques - Dr. Barret","og_description":"La pand\u00e8mia provocada pel virus \u200eSARS-CoV-2 ha provocat un canvi radical en la nostra manera de relacionar-nos i treballar.","og_url":"https:\/\/www.doctorbarret.com\/ca\/reforcem-les-mesures-de-proteccio-a-les-nostres-cliniques\/","og_site_name":"WordPress","article_published_time":"2020-05-13T08:05:14+00:00","article_modified_time":"2024-01-17T10:59:12+00:00","og_image":[{"width":1200,"height":800,"url":"https:\/\/www.doctorbarret.com\/wp-content\/uploads\/2020\/05\/medidas-sanitarias-cirugia-covid.jpg","type":"image\/jpeg"}],"author":"Joan-Pere Barret","twitter_card":"summary_large_image","twitter_misc":{"Written by":"Joan-Pere Barret","Est. reading time":"2 minutes"},"schema":{"@context":"https:\/\/schema.org","@graph":[{"@type":"Article","@id":"https:\/\/www.doctorbarret.com\/ca\/reforcem-les-mesures-de-proteccio-a-les-nostres-cliniques\/#article","isPartOf":{"@id":"https:\/\/www.doctorbarret.com\/ca\/reforcem-les-mesures-de-proteccio-a-les-nostres-cliniques\/"},"author":{"name":"Joan-Pere Barret","@id":"https:\/\/www.doctorbarret.com\/ca\/#\/schema\/person\/359f73b4f8d04468b6820f88b8e26cff"},"headline":"Reforcem les mesures de protecci\u00f3 a les nostres cl\u00edniques","datePublished":"2020-05-13T08:05:14+00:00","dateModified":"2024-01-17T10:59:12+00:00","mainEntityOfPage":{"@id":"https:\/\/www.doctorbarret.com\/ca\/reforcem-les-mesures-de-proteccio-a-les-nostres-cliniques\/"},"wordCount":480,"commentCount":0,"publisher":{"@id":"https:\/\/www.doctorbarret.com\/ca\/#organization"},"image":{"@id":"https:\/\/www.doctorbarret.com\/ca\/reforcem-les-mesures-de-proteccio-a-les-nostres-cliniques\/#primaryimage"},"thumbnailUrl":"https:\/\/www.doctorbarret.com\/wp-content\/uploads\/2020\/05\/medidas-sanitarias-cirugia-covid.jpg","inLanguage":"ca-ES","potentialAction":[{"@type":"CommentAction","name":"Comment","target":["https:\/\/www.doctorbarret.com\/ca\/reforcem-les-mesures-de-proteccio-a-les-nostres-cliniques\/#respond"]}]},{"@type":"WebPage","@id":"https:\/\/www.doctorbarret.com\/ca\/reforcem-les-mesures-de-proteccio-a-les-nostres-cliniques\/","url":"https:\/\/www.doctorbarret.com\/ca\/reforcem-les-mesures-de-proteccio-a-les-nostres-cliniques\/","name":"Reforcem les mesures de protecci\u00f3 a les nostres cl\u00edniques - Dr. Barret","isPartOf":{"@id":"https:\/\/www.doctorbarret.com\/ca\/#website"},"primaryImageOfPage":{"@id":"https:\/\/www.doctorbarret.com\/ca\/reforcem-les-mesures-de-proteccio-a-les-nostres-cliniques\/#primaryimage"},"image":{"@id":"https:\/\/www.doctorbarret.com\/ca\/reforcem-les-mesures-de-proteccio-a-les-nostres-cliniques\/#primaryimage"},"thumbnailUrl":"https:\/\/www.doctorbarret.com\/wp-content\/uploads\/2020\/05\/medidas-sanitarias-cirugia-covid.jpg","datePublished":"2020-05-13T08:05:14+00:00","dateModified":"2024-01-17T10:59:12+00:00","description":"La pand\u00e8mia provocada pel virus \u200eSARS-CoV-2 ha provocat un canvi radical en la nostra manera de relacionar-nos i treballar.","breadcrumb":{"@id":"https:\/\/www.doctorbarret.com\/ca\/reforcem-les-mesures-de-proteccio-a-les-nostres-cliniques\/#breadcrumb"},"inLanguage":"ca-ES","potentialAction":[{"@type":"ReadAction","target":["https:\/\/www.doctorbarret.com\/ca\/reforcem-les-mesures-de-proteccio-a-les-nostres-cliniques\/"]}]},{"@type":"ImageObject","inLanguage":"ca-ES","@id":"https:\/\/www.doctorbarret.com\/ca\/reforcem-les-mesures-de-proteccio-a-les-nostres-cliniques\/#primaryimage","url":"https:\/\/www.doctorbarret.com\/wp-content\/uploads\/2020\/05\/medidas-sanitarias-cirugia-covid.jpg","contentUrl":"https:\/\/www.doctorbarret.com\/wp-content\/uploads\/2020\/05\/medidas-sanitarias-cirugia-covid.jpg","width":1200,"height":800,"caption":"medidas sanitarias COVID"},{"@type":"BreadcrumbList","@id":"https:\/\/www.doctorbarret.com\/ca\/reforcem-les-mesures-de-proteccio-a-les-nostres-cliniques\/#breadcrumb","itemListElement":[{"@type":"ListItem","position":1,"name":"Home","item":"http:\/\/www.doctorbarret.com\/ca\/"},{"@type":"ListItem","position":2,"name":"Reforcem les mesures de protecci\u00f3 a les nostres cl\u00edniques"}]},{"@type":"WebSite","@id":"https:\/\/www.doctorbarret.com\/ca\/#website","url":"https:\/\/www.doctorbarret.com\/ca\/","name":"WordPress","description":"Just another WordPress site","publisher":{"@id":"https:\/\/www.doctorbarret.com\/ca\/#organization"},"potentialAction":[{"@type":"SearchAction","target":{"@type":"EntryPoint","urlTemplate":"https:\/\/www.doctorbarret.com\/ca\/?s={search_term_string}"},"query-input":{"@type":"PropertyValueSpecification","valueRequired":true,"valueName":"search_term_string"}}],"inLanguage":"ca-ES"},{"@type":"Organization","@id":"https:\/\/www.doctorbarret.com\/ca\/#organization","name":"Dr.Joan-Pere Barret","url":"https:\/\/www.doctorbarret.com\/ca\/","logo":{"@type":"ImageObject","inLanguage":"ca-ES","@id":"https:\/\/www.doctorbarret.com\/ca\/#\/schema\/logo\/image\/","url":"https:\/\/www.doctorbarret.com\/wp-content\/uploads\/2017\/04\/Logo-Doctor-Barret-web-completo-castellano_AAFF.png","contentUrl":"https:\/\/www.doctorbarret.com\/wp-content\/uploads\/2017\/04\/Logo-Doctor-Barret-web-completo-castellano_AAFF.png","width":2480,"height":3508,"caption":"Dr.Joan-Pere Barret"},"image":{"@id":"https:\/\/www.doctorbarret.com\/ca\/#\/schema\/logo\/image\/"}},{"@type":"Person","@id":"https:\/\/www.doctorbarret.com\/ca\/#\/schema\/person\/359f73b4f8d04468b6820f88b8e26cff","name":"Joan-Pere Barret"}]}},"_links":{"self":[{"href":"https:\/\/www.doctorbarret.com\/ca\/wp-json\/wp\/v2\/posts\/5867","targetHints":{"allow":["GET"]}}],"collection":[{"href":"https:\/\/www.doctorbarret.com\/ca\/wp-json\/wp\/v2\/posts"}],"about":[{"href":"https:\/\/www.doctorbarret.com\/ca\/wp-json\/wp\/v2\/types\/post"}],"author":[{"embeddable":true,"href":"https:\/\/www.doctorbarret.com\/ca\/wp-json\/wp\/v2\/users\/1"}],"replies":[{"embeddable":true,"href":"https:\/\/www.doctorbarret.com\/ca\/wp-json\/wp\/v2\/comments?post=5867"}],"version-history":[{"count":1,"href":"https:\/\/www.doctorbarret.com\/ca\/wp-json\/wp\/v2\/posts\/5867\/revisions"}],"predecessor-version":[{"id":11036,"href":"https:\/\/www.doctorbarret.com\/ca\/wp-json\/wp\/v2\/posts\/5867\/revisions\/11036"}],"wp:featuredmedia":[{"embeddable":true,"href":"https:\/\/www.doctorbarret.com\/ca\/wp-json\/wp\/v2\/media\/5850"}],"wp:attachment":[{"href":"https:\/\/www.doctorbarret.com\/ca\/wp-json\/wp\/v2\/media?parent=5867"}],"wp:term":[{"taxonomy":"category","embeddable":true,"href":"https:\/\/www.doctorbarret.com\/ca\/wp-json\/wp\/v2\/categories?post=5867"},{"taxonomy":"post_tag","embeddable":true,"href":"https:\/\/www.doctorbarret.com\/ca\/wp-json\/wp\/v2\/tags?post=5867"}],"curies":[{"name":"wp","href":"https:\/\/api.w.org\/{rel}","templated":true}]}}